{"id":2817,"date":"2024-09-18T17:29:49","date_gmt":"2024-09-18T17:29:49","guid":{"rendered":"https:\/\/4umadrid.com\/?p=2817"},"modified":"2026-08-29T19:45:58","modified_gmt":"2026-08-29T17:45:58","slug":"el-prado-de-gabinete-de-ciencias-a-templo-del-arte","status":"publish","type":"post","link":"https:\/\/4umadrid.com\/en\/el-prado-de-gabinete-de-ciencias-a-templo-del-arte\/","title":{"rendered":"History of the Prado Museum: from cabinet of sciences to temple of art"},"content":{"rendered":"<p class=\"wp-block-paragraph\">The <strong>history of <a href=\"https:\/\/www.museodelprado.es\/\" target=\"_blank\" rel=\"noopener\">Prado Museum<\/a><\/strong> It is as interesting as the works it houses. Before becoming one of the world&#039;s most important art galleries, the building served as a science museum, a Napoleonic barracks, and even a source of lead for making bullets.<\/p>\n\n\n\n<p class=\"wp-block-paragraph\">In this article we review the history of the Prado Museum: how it was born, what anecdotes it has accumulated since 1819 and what are the two works that no one should miss.<\/p>\n\n\n\n<h2 class=\"wp-block-heading\">From science cabinet to museum: the origin of the building<\/h2>\n\n\n\n<p class=\"wp-block-paragraph\">What we know today as the Prado Museum began as an ambitious project of Charles III, who in 1785 commissioned the architect Juan de Villanueva to build the Royal Cabinet of Natural Sciences. The idea was that it would form part of the so-called &quot;hill of sciences,&quot; along with the Royal Astronomical Observatory and the <a href=\"https:\/\/www.rjb.csic.es\/\" target=\"_blank\" rel=\"noopener\">Royal Botanical Garden<\/a>.<\/p>\n\n\n\n<p class=\"wp-block-paragraph\">However, fate had other plans. Charles III died in 1788 without seeing his project completed, and years later, in 1808, Napoleonic troops invaded Madrid and used the building as a barracks.<\/p>\n\n\n\n<p class=\"wp-block-paragraph\">During that occupation, the lead from the roofs was melted down to make bullets, and the timbers from the structure were used to make fires to warm the French soldiers. Consequently, the building was left practically in ruins.<\/p>\n\n\n\n<p class=\"wp-block-paragraph\">Years later, with the arrival of Ferdinand VII, it was given a new purpose. At the insistence of his wife, Isabel of Braganza, a great lover of art, it was decided to finish the construction and turn it into the Royal Museum of Paintings and Sculptures, which opened its doors in 1819.<\/p>\n\n\n\n<p class=\"wp-block-paragraph\">But it wasn&#039;t a museum accessible to everyone. In its early years, it could only be visited one day a week and with special permission from a member of the court. It wasn&#039;t until the revolution of 1868 that it became the property of all Spaniards, under the name of the National Museum of Paintings. It finally adopted its current name due to its location in the former Prado de los Jer\u00f3nimos.<\/p>\n\n\n\n<h2 class=\"wp-block-heading\">5 interesting facts about the history of the Prado Museum<\/h2>\n\n\n\n<ul class=\"wp-block-list\">\n<li><strong>Rainy days, closed doors.<\/strong> During its early years as a public museum, visits were suspended when it rained to prevent damage to the wooden floor.<\/li>\n\n<li><strong>Goya saw his own legacy.<\/strong> Francisco de Goya lived long enough to see his works exhibited in the museum.<\/li>\n\n<li><strong>A director who never worked as one.<\/strong> Between 1936 and 1939, in the midst of the Civil War, Pablo Picasso was appointed director of the museum, although the conflict prevented him from taking up the position.<\/li>\n\n<li><strong>Evacuation in times of war.<\/strong> During the Civil War, the most important works traveled to Valencia, then to Barcelona, and finally to Geneva. All returned intact except for two: Goya&#039;s *The Second of May 1808* and *The Third of May 1808*, which were damaged in a transport accident.<\/li>\n\n<li><strong>Their rooms are available for rent.<\/strong> The museum allows you to reserve some spaces for private events. The most sought-after is the Sala de las Meninas, which costs around \u20ac21,000 to rent for three hours.<\/li>\n<\/ul>\n\n\n\n<h2 class=\"wp-block-heading\">The history of the Prado Museum in figures<\/h2>\n\n\n\n<p class=\"wp-block-paragraph\">These figures help to understand the scale of the museum:<\/p>\n\n\n\n<ul class=\"wp-block-list\">\n<li><strong>33,000 works<\/strong> in his collection, although only a few <strong>1.700<\/strong> They are on permanent display.<\/li>\n\n<li><strong>25 museums<\/strong> The same size would be needed to display everything stored in warehouses.<\/li>\n\n<li><strong>2.9 million visitors<\/strong> in 2018, with a majority of foreign visitors.<\/li>\n\n<li><strong>1819<\/strong>: year of opening, although the building was planned in <strong>1785<\/strong>.<\/li>\n\n<li><strong>More than 30,000 m\u00b2<\/strong> of display surface.<\/li>\n<\/ul>\n\n\n\n<p class=\"wp-block-paragraph\">Therefore, it is advisable to book tickets in advance if you are visiting Madrid during peak season.<\/p>\n\n\n\n<h2 class=\"wp-block-heading\">The two essential works of the Prado Museum<\/h2>\n\n\n\n<h3 class=\"wp-block-heading\">Las Meninas, by Vel\u00e1zquez (1656)<\/h3>\n\n\n\n<p class=\"wp-block-paragraph\">Considered one of the most enigmatic paintings in the history of art, it has been the subject of multiple interpretations. It was originally called *Portrait of the Empress with her Ladies and a Dwarf*, then *The Family of Philip IV*, until it adopted its current name.<\/p>\n\n\n\n<p class=\"wp-block-paragraph\">What&#039;s most striking is that, instead of showing the scene from the painter&#039;s perspective, Vel\u00e1zquez places us in the position of the subject, making us part of the painting. Thus, the Infanta Margarita, illuminated in the center, becomes the true protagonist.<\/p>\n\n\n\n<h3 class=\"wp-block-heading\">The Garden of Earthly Delights, by Hieronymus Bosch<\/h3>\n\n\n\n<p class=\"wp-block-paragraph\">This triptych, painted between 1490 and 1510, is one of the museum&#039;s most mysterious works. Philip II, a great admirer of the painter, acquired it in 1591.<\/p>\n\n\n\n<p class=\"wp-block-paragraph\">It is read from left to right: paradise, the garden of earthly delights, and hell, although there is no single interpretation of its meaning. Furthermore, the abundance of strawberries in the painting earned it the nickname *the strawberry painting* in 17th-century France.<\/p>\n\n\n\n<p class=\"wp-block-paragraph\">Another little-known detail of the history of the Prado Museum: when the triptych is closed, an image of the cosmos with God appears and an inscription from Psalm 33:9 which says &quot;For he spoke, and it was done; he commanded, and it stood fast.&quot;.<\/p>\n\n\n\n<h2 class=\"wp-block-heading\">How to visit it today<\/h2>\n\n\n\n<ul class=\"wp-block-list\">\n<li><strong>Where is<\/strong>: Paseo del Prado, s\/n. The nearest metro stations are Banco de Espa\u00f1a (line 2) and Atocha (line 1).<\/li>\n\n<li><strong>How much time to dedicate to it<\/strong>: between 2 and 3 hours for a first visit focused on the main works.<\/li>\n\n<li><strong>Free slot<\/strong>The last two hours of the afternoon from Monday to Saturday, and the last five hours on Sundays and public holidays. However, the queues are long.<\/li>\n\n<li><strong>Combine it<\/strong>It&#039;s on the same axis as the Thyssen and the Reina Sof\u00eda, just a few minutes away. <a href=\"https:\/\/4umadrid.com\/en\/conoce-el-barrio-de-las-letras-historia-viva-entre-cafes-y-literatura\/\">Literary Quarter<\/a> and the Retiro Park.<\/li>\n<\/ul>\n\n\n\n<style>.hm-cta-btn .wp-block-button__link:hover,.hm-cta-btn .wp-block-button__link:focus{background-color:#ee37c9!important;color:#ffffff!important}<\/style>\n\n\n\n<div class=\"wp-block-buttons is-content-justification-center is-layout-flex wp-container-core-buttons-is-layout-cee9213f wp-block-buttons-is-layout-flex\" style=\"margin-top:3.5rem;margin-bottom:3.5rem\">\n<div class=\"wp-block-button hm-cta-btn\"><a class=\"wp-block-button__link has-text-color has-background wp-element-button\" href=\"https:\/\/4umadrid.com\/en\/tours-en-madrid\/\" style=\"border-radius:999px;color:#ffffff;background-color:#6f1996;padding-top:22px;padding-right:48px;padding-bottom:22px;padding-left:48px;font-size:1.2rem;font-style:normal;font-weight:700\">Book your guided tour of Madrid<\/a><\/div>\n<\/div>\n\n\n\n<h2 class=\"wp-block-heading\">Frequently asked questions about the history of the Prado Museum<\/h2>\n\n\n\n<p class=\"wp-block-paragraph\">The history of the Prado Museum is, in reality, a reflection of the history of Spain: wars, regime changes, and unexpected decisions that transformed a science lab into a temple of art. And if you&#039;d like us to tell you these stories firsthand, join us on one of our tours.<\/p>\n\n\n\n<h3 class=\"wp-block-heading\">Origins and history of the Prado Museum<\/h3>\n\n\n\n<div class=\"schema-faq wp-block-yoast-faq-block\"><div class=\"schema-faq-section\" id=\"faq-question-81637\"><strong class=\"schema-faq-question\">When was the Prado Museum inaugurated?<\/strong> <p class=\"schema-faq-answer\">It opened its doors on November 19, 1819, as the Royal Museum of Paintings and Sculptures, commissioned by Ferdinand VII and Isabella of Braganza. The building, however, had been designed in 1785 for a very different purpose.<\/p><\/div><div class=\"schema-faq-section\" id=\"faq-question-81638\"><strong class=\"schema-faq-question\">Why is it called the Prado Museum?<\/strong> <p class=\"schema-faq-answer\">Because of its location in the former Prado de los Jer\u00f3nimos, a tree-lined promenade that occupied this area of Madrid, the popular name eventually prevailed over the previous official designations.<\/p><\/div><div class=\"schema-faq-section\" id=\"faq-question-81639\"><strong class=\"schema-faq-question\">What was the building originally built for?<\/strong> <p class=\"schema-faq-answer\">To house the Royal Cabinet of Natural Sciences, commissioned by Charles III to the architect Juan de Villanueva in 1785. It was part of a scientific complex along with the Astronomical Observatory and the Botanical Garden.<\/p><\/div><\/div>\n\n\n\n<h3 class=\"wp-block-heading\">The collection and the visit<\/h3>\n\n\n\n<div class=\"schema-faq wp-block-yoast-faq-block\"><div class=\"schema-faq-section\" id=\"faq-question-81637\"><strong class=\"schema-faq-question\">How many works does the Prado Museum have?<\/strong> <p class=\"schema-faq-answer\">The collection comprises over 33,000 pieces, of which only about 1,700 are on permanent display. The rest are stored in warehouses or loaned to other institutions.<\/p><\/div><div class=\"schema-faq-section\" id=\"faq-question-81638\"><strong class=\"schema-faq-question\">What are the most famous works in the museum?<\/strong> <p class=\"schema-faq-answer\">Vel\u00e1zquez&#039;s *Las Meninas* and Bosch&#039;s *The Garden of Earthly Delights* are the two most visited. Other highlights include Goya&#039;s *The Third of May 1808* and the Black Paintings, and El Greco&#039;s *The Gentleman with his Hand on his Chest*.<\/p><\/div><div class=\"schema-faq-section\" id=\"faq-question-81639\"><strong class=\"schema-faq-question\">How long does it take to visit it?<\/strong> <p class=\"schema-faq-answer\">Between two and three hours to see the essentials. To explore it thoroughly would require several visits, as the exhibition area exceeds 30,000 square meters.<\/p><\/div><\/div>\n\n\n\n<aside class=\"hm-cta-art\"><p class=\"hm-cta-art-tit\">Would you like to see the inside?<\/p><p class=\"hm-cta-art-txt\">We tour the Prado Museum with you in a private group, from two to six people, with tickets included and at your leisure in front of the paintings.<\/p><a class=\"hm-cta-art-btn\" href=\"https:\/\/4umadrid.com\/en\/el-prado-un-viaje-a-traves-del-arte-y-sus-secretos\/\">See the visit to the Prado<\/a><\/aside>","protected":false},"excerpt":{"rendered":"<p>The history of the Prado Museum: it began as a science cabinet for Charles III, served as a Napoleonic barracks, and opened as a museum in 1819. Interesting facts, figures, and key works.<\/p>","protected":false},"author":1,"featured_media":3361,"comment_status":"closed","ping_status":"closed","sticky":false,"template":"","format":"standard","meta":{"_yoast_wpseo_opengraph-title":"","_yoast_wpseo_opengraph-description":"","footnotes":""},"categories":[47],"tags":[81,67,66,82,32],"class_list":["post-2817","post","type-post","status-publish","format-standard","has-post-thumbnail","hentry","category-arte-y-museos-madrid","tag-arte","tag-cultura","tag-historia","tag-monumentos-madrid","tag-museo-del-prado"],"yoast_head":"<!-- This site is optimized with the Yoast SEO plugin v28.3 - https:\/\/yoast.com\/product\/yoast-seo-wordpress\/ -->\n<title>Historia del Museo del Prado: origen, curiosidades y obras<\/title>\n<meta name=\"description\" content=\"La historia del Museo del Prado: de gabinete de ciencias de Carlos III a pinacoteca mundial. Origen, curiosidades y obras clave.\" \/>\n<meta name=\"robots\" content=\"index, follow, max-snippet:-1, max-image-preview:large, max-video-preview:-1\" \/>\n<link rel=\"canonical\" href=\"https:\/\/4umadrid.com\/en\/el-prado-de-gabinete-de-ciencias-a-templo-del-arte\/\" \/>\n<meta property=\"og:locale\" content=\"en_US\" \/>\n<meta property=\"og:type\" content=\"article\" \/>\n<meta property=\"og:title\" content=\"Historia del Museo del Prado: origen, curiosidades y obras\" \/>\n<meta property=\"og:description\" content=\"La historia del Museo del Prado: de gabinete de ciencias de Carlos III a pinacoteca mundial. Origen, curiosidades y obras clave.\" \/>\n<meta property=\"og:url\" content=\"https:\/\/4umadrid.com\/en\/el-prado-de-gabinete-de-ciencias-a-templo-del-arte\/\" \/>\n<meta property=\"og:site_name\" content=\"4U Madrid Walking Tour\" \/>\n<meta property=\"article:publisher\" content=\"https:\/\/www.facebook.com\/4umadrid\" \/>\n<meta property=\"article:published_time\" content=\"2024-09-18T17:29:49+00:00\" \/>\n<meta property=\"article:modified_time\" content=\"2026-08-29T17:45:58+00:00\" \/>\n<meta property=\"og:image\" content=\"https:\/\/4umadrid.com\/wp-content\/uploads\/2024\/09\/Museo-del-Prado.png\" \/>\n\t<meta property=\"og:image:width\" content=\"1200\" \/>\n\t<meta property=\"og:image:height\" content=\"500\" \/>\n\t<meta property=\"og:image:type\" content=\"image\/png\" \/>\n<meta name=\"author\" content=\"Patricia G\u00f3nzalez\" \/>\n<meta name=\"twitter:card\" content=\"summary_large_image\" \/>\n<meta name=\"twitter:label1\" content=\"Written by\" \/>\n\t<meta name=\"twitter:data1\" content=\"Patricia G\u00f3nzalez\" \/>\n<script type=\"application\/ld+json\" class=\"yoast-schema-graph\">{\"@context\":\"https:\\\/\\\/schema.org\",\"@graph\":[{\"@type\":\"Article\",\"@id\":\"https:\\\/\\\/4umadrid.com\\\/el-prado-de-gabinete-de-ciencias-a-templo-del-arte\\\/#article\",\"isPartOf\":{\"@id\":\"https:\\\/\\\/4umadrid.com\\\/el-prado-de-gabinete-de-ciencias-a-templo-del-arte\\\/\"},\"author\":{\"name\":\"Patricia G\u00f3nzalez\",\"@id\":\"https:\\\/\\\/4umadrid.com\\\/#\\\/schema\\\/person\\\/a33df1bfa39b5bf9d156c8d35e3bfd49\"},\"headline\":\"Historia del Museo del Prado: de gabinete de ciencias a templo del arte\",\"datePublished\":\"2024-09-18T17:29:49+00:00\",\"dateModified\":\"2026-08-29T17:45:58+00:00\",\"mainEntityOfPage\":{\"@id\":\"https:\\\/\\\/4umadrid.com\\\/el-prado-de-gabinete-de-ciencias-a-templo-del-arte\\\/\"},\"wordCount\":1329,\"publisher\":{\"@id\":\"https:\\\/\\\/4umadrid.com\\\/#organization\"},\"image\":{\"@id\":\"https:\\\/\\\/4umadrid.com\\\/el-prado-de-gabinete-de-ciencias-a-templo-del-arte\\\/#primaryimage\"},\"thumbnailUrl\":\"https:\\\/\\\/4umadrid.com\\\/wp-content\\\/uploads\\\/2024\\\/09\\\/Museo-del-Prado.png\",\"keywords\":[\"arte\",\"cultura\",\"historia\",\"monumentos madrid\",\"Museo del Prado\"],\"articleSection\":[\"Arte y Museos\"],\"inLanguage\":\"en-US\"},{\"@type\":[\"WebPage\",\"FAQPage\"],\"@id\":\"https:\\\/\\\/4umadrid.com\\\/el-prado-de-gabinete-de-ciencias-a-templo-del-arte\\\/\",\"url\":\"https:\\\/\\\/4umadrid.com\\\/el-prado-de-gabinete-de-ciencias-a-templo-del-arte\\\/\",\"name\":\"Historia del Museo del Prado: origen, curiosidades y obras\",\"isPartOf\":{\"@id\":\"https:\\\/\\\/4umadrid.com\\\/#website\"},\"primaryImageOfPage\":{\"@id\":\"https:\\\/\\\/4umadrid.com\\\/el-prado-de-gabinete-de-ciencias-a-templo-del-arte\\\/#primaryimage\"},\"image\":{\"@id\":\"https:\\\/\\\/4umadrid.com\\\/el-prado-de-gabinete-de-ciencias-a-templo-del-arte\\\/#primaryimage\"},\"thumbnailUrl\":\"https:\\\/\\\/4umadrid.com\\\/wp-content\\\/uploads\\\/2024\\\/09\\\/Museo-del-Prado.png\",\"datePublished\":\"2024-09-18T17:29:49+00:00\",\"dateModified\":\"2026-08-29T17:45:58+00:00\",\"description\":\"La historia del Museo del Prado: de gabinete de ciencias de Carlos III a pinacoteca mundial. Origen, curiosidades y obras clave.\",\"breadcrumb\":{\"@id\":\"https:\\\/\\\/4umadrid.com\\\/el-prado-de-gabinete-de-ciencias-a-templo-del-arte\\\/#breadcrumb\"},\"inLanguage\":\"en-US\",\"potentialAction\":[{\"@type\":\"ReadAction\",\"target\":[\"https:\\\/\\\/4umadrid.com\\\/el-prado-de-gabinete-de-ciencias-a-templo-del-arte\\\/\"]}]},{\"@type\":\"ImageObject\",\"inLanguage\":\"en-US\",\"@id\":\"https:\\\/\\\/4umadrid.com\\\/el-prado-de-gabinete-de-ciencias-a-templo-del-arte\\\/#primaryimage\",\"url\":\"https:\\\/\\\/4umadrid.com\\\/wp-content\\\/uploads\\\/2024\\\/09\\\/Museo-del-Prado.png\",\"contentUrl\":\"https:\\\/\\\/4umadrid.com\\\/wp-content\\\/uploads\\\/2024\\\/09\\\/Museo-del-Prado.png\",\"width\":1200,\"height\":500,\"caption\":\"Fachada del Museo del Prado de Madrid, clave en la historia del Museo del Prado\"},{\"@type\":\"BreadcrumbList\",\"@id\":\"https:\\\/\\\/4umadrid.com\\\/el-prado-de-gabinete-de-ciencias-a-templo-del-arte\\\/#breadcrumb\",\"itemListElement\":[{\"@type\":\"ListItem\",\"position\":1,\"name\":\"Portada\",\"item\":\"https:\\\/\\\/4umadrid.com\\\/\"},{\"@type\":\"ListItem\",\"position\":2,\"name\":\"Historia del Museo del Prado: de gabinete de ciencias a templo del arte\"}]},{\"@type\":\"WebSite\",\"@id\":\"https:\\\/\\\/4umadrid.com\\\/#website\",\"url\":\"https:\\\/\\\/4umadrid.com\\\/\",\"name\":\"4U Madrid Walking Tour\",\"description\":\"Tours a pie por Madrid con gu\u00edas locales y grupos reducidos. En espa\u00f1ol e ingl\u00e9s.\",\"publisher\":{\"@id\":\"https:\\\/\\\/4umadrid.com\\\/#organization\"},\"alternateName\":\"4U Madrid\",\"potentialAction\":[{\"@type\":\"SearchAction\",\"target\":{\"@type\":\"EntryPoint\",\"urlTemplate\":\"https:\\\/\\\/4umadrid.com\\\/?s={search_term_string}\"},\"query-input\":{\"@type\":\"PropertyValueSpecification\",\"valueRequired\":true,\"valueName\":\"search_term_string\"}}],\"inLanguage\":\"en-US\"},{\"@type\":\"Organization\",\"@id\":\"https:\\\/\\\/4umadrid.com\\\/#organization\",\"name\":\"4U Madrid Walking Tour\",\"alternateName\":\"4U Madrid\",\"url\":\"https:\\\/\\\/4umadrid.com\\\/\",\"logo\":{\"@type\":\"ImageObject\",\"inLanguage\":\"en-US\",\"@id\":\"https:\\\/\\\/4umadrid.com\\\/#\\\/schema\\\/logo\\\/image\\\/\",\"url\":\"https:\\\/\\\/4umadrid.com\\\/wp-content\\\/uploads\\\/2023\\\/11\\\/FAVICON.png\",\"contentUrl\":\"https:\\\/\\\/4umadrid.com\\\/wp-content\\\/uploads\\\/2023\\\/11\\\/FAVICON.png\",\"width\":470,\"height\":437,\"caption\":\"4U Madrid Walking Tour\"},\"image\":{\"@id\":\"https:\\\/\\\/4umadrid.com\\\/#\\\/schema\\\/logo\\\/image\\\/\"},\"sameAs\":[\"https:\\\/\\\/www.facebook.com\\\/4umadrid\",\"https:\\\/\\\/www.instagram.com\\\/4umadridfreetour\\\/\"]},{\"@type\":\"Person\",\"@id\":\"https:\\\/\\\/4umadrid.com\\\/#\\\/schema\\\/person\\\/a33df1bfa39b5bf9d156c8d35e3bfd49\",\"name\":\"Patricia G\u00f3nzalez\",\"image\":{\"@type\":\"ImageObject\",\"inLanguage\":\"en-US\",\"@id\":\"https:\\\/\\\/secure.gravatar.com\\\/avatar\\\/e57b160e418c6dd9707a139e8a5c91244f119f5645805dd2a9a35616710c3df3?s=96&d=mm&r=g\",\"url\":\"https:\\\/\\\/secure.gravatar.com\\\/avatar\\\/e57b160e418c6dd9707a139e8a5c91244f119f5645805dd2a9a35616710c3df3?s=96&d=mm&r=g\",\"contentUrl\":\"https:\\\/\\\/secure.gravatar.com\\\/avatar\\\/e57b160e418c6dd9707a139e8a5c91244f119f5645805dd2a9a35616710c3df3?s=96&d=mm&r=g\",\"caption\":\"Patricia G\u00f3nzalez\"},\"sameAs\":[\"https:\\\/\\\/4umadrid.com\"],\"url\":\"https:\\\/\\\/4umadrid.com\\\/en\\\/author\\\/admin\\\/\"}]}<\/script>\n<!-- \/ Yoast SEO plugin. -->","yoast_head_json":{"title":"Historia del Museo del Prado: origen, curiosidades y obras","description":"La historia del Museo del Prado: de gabinete de ciencias de Carlos III a pinacoteca mundial. Origen, curiosidades y obras clave.","robots":{"index":"index","follow":"follow","max-snippet":"max-snippet:-1","max-image-preview":"max-image-preview:large","max-video-preview":"max-video-preview:-1"},"canonical":"https:\/\/4umadrid.com\/en\/el-prado-de-gabinete-de-ciencias-a-templo-del-arte\/","og_locale":"en_US","og_type":"article","og_title":"Historia del Museo del Prado: origen, curiosidades y obras","og_description":"La historia del Museo del Prado: de gabinete de ciencias de Carlos III a pinacoteca mundial. Origen, curiosidades y obras clave.","og_url":"https:\/\/4umadrid.com\/en\/el-prado-de-gabinete-de-ciencias-a-templo-del-arte\/","og_site_name":"4U Madrid Walking Tour","article_publisher":"https:\/\/www.facebook.com\/4umadrid","article_published_time":"2024-09-18T17:29:49+00:00","article_modified_time":"2026-08-29T17:45:58+00:00","og_image":[{"width":1200,"height":500,"url":"https:\/\/4umadrid.com\/wp-content\/uploads\/2024\/09\/Museo-del-Prado.png","type":"image\/png"}],"author":"Patricia G\u00f3nzalez","twitter_card":"summary_large_image","twitter_misc":{"Written by":"Patricia G\u00f3nzalez"},"schema":{"@context":"https:\/\/schema.org","@graph":[{"@type":"Article","@id":"https:\/\/4umadrid.com\/el-prado-de-gabinete-de-ciencias-a-templo-del-arte\/#article","isPartOf":{"@id":"https:\/\/4umadrid.com\/el-prado-de-gabinete-de-ciencias-a-templo-del-arte\/"},"author":{"name":"Patricia G\u00f3nzalez","@id":"https:\/\/4umadrid.com\/#\/schema\/person\/a33df1bfa39b5bf9d156c8d35e3bfd49"},"headline":"Historia del Museo del Prado: de gabinete de ciencias a templo del arte","datePublished":"2024-09-18T17:29:49+00:00","dateModified":"2026-08-29T17:45:58+00:00","mainEntityOfPage":{"@id":"https:\/\/4umadrid.com\/el-prado-de-gabinete-de-ciencias-a-templo-del-arte\/"},"wordCount":1329,"publisher":{"@id":"https:\/\/4umadrid.com\/#organization"},"image":{"@id":"https:\/\/4umadrid.com\/el-prado-de-gabinete-de-ciencias-a-templo-del-arte\/#primaryimage"},"thumbnailUrl":"https:\/\/4umadrid.com\/wp-content\/uploads\/2024\/09\/Museo-del-Prado.png","keywords":["arte","cultura","historia","monumentos madrid","Museo del Prado"],"articleSection":["Arte y Museos"],"inLanguage":"en-US"},{"@type":["WebPage","FAQPage"],"@id":"https:\/\/4umadrid.com\/el-prado-de-gabinete-de-ciencias-a-templo-del-arte\/","url":"https:\/\/4umadrid.com\/el-prado-de-gabinete-de-ciencias-a-templo-del-arte\/","name":"Historia del Museo del Prado: origen, curiosidades y obras","isPartOf":{"@id":"https:\/\/4umadrid.com\/#website"},"primaryImageOfPage":{"@id":"https:\/\/4umadrid.com\/el-prado-de-gabinete-de-ciencias-a-templo-del-arte\/#primaryimage"},"image":{"@id":"https:\/\/4umadrid.com\/el-prado-de-gabinete-de-ciencias-a-templo-del-arte\/#primaryimage"},"thumbnailUrl":"https:\/\/4umadrid.com\/wp-content\/uploads\/2024\/09\/Museo-del-Prado.png","datePublished":"2024-09-18T17:29:49+00:00","dateModified":"2026-08-29T17:45:58+00:00","description":"La historia del Museo del Prado: de gabinete de ciencias de Carlos III a pinacoteca mundial. Origen, curiosidades y obras clave.","breadcrumb":{"@id":"https:\/\/4umadrid.com\/el-prado-de-gabinete-de-ciencias-a-templo-del-arte\/#breadcrumb"},"inLanguage":"en-US","potentialAction":[{"@type":"ReadAction","target":["https:\/\/4umadrid.com\/el-prado-de-gabinete-de-ciencias-a-templo-del-arte\/"]}]},{"@type":"ImageObject","inLanguage":"en-US","@id":"https:\/\/4umadrid.com\/el-prado-de-gabinete-de-ciencias-a-templo-del-arte\/#primaryimage","url":"https:\/\/4umadrid.com\/wp-content\/uploads\/2024\/09\/Museo-del-Prado.png","contentUrl":"https:\/\/4umadrid.com\/wp-content\/uploads\/2024\/09\/Museo-del-Prado.png","width":1200,"height":500,"caption":"Fachada del Museo del Prado de Madrid, clave en la historia del Museo del Prado"},{"@type":"BreadcrumbList","@id":"https:\/\/4umadrid.com\/el-prado-de-gabinete-de-ciencias-a-templo-del-arte\/#breadcrumb","itemListElement":[{"@type":"ListItem","position":1,"name":"Portada","item":"https:\/\/4umadrid.com\/"},{"@type":"ListItem","position":2,"name":"Historia del Museo del Prado: de gabinete de ciencias a templo del arte"}]},{"@type":"WebSite","@id":"https:\/\/4umadrid.com\/#website","url":"https:\/\/4umadrid.com\/","name":"4U Madrid Walking Tour","description":"Tours a pie por Madrid con gu\u00edas locales y grupos reducidos. En espa\u00f1ol e ingl\u00e9s.","publisher":{"@id":"https:\/\/4umadrid.com\/#organization"},"alternateName":"4U Madrid","potentialAction":[{"@type":"SearchAction","target":{"@type":"EntryPoint","urlTemplate":"https:\/\/4umadrid.com\/?s={search_term_string}"},"query-input":{"@type":"PropertyValueSpecification","valueRequired":true,"valueName":"search_term_string"}}],"inLanguage":"en-US"},{"@type":"Organization","@id":"https:\/\/4umadrid.com\/#organization","name":"4U Madrid Walking Tour","alternateName":"4U Madrid","url":"https:\/\/4umadrid.com\/","logo":{"@type":"ImageObject","inLanguage":"en-US","@id":"https:\/\/4umadrid.com\/#\/schema\/logo\/image\/","url":"https:\/\/4umadrid.com\/wp-content\/uploads\/2023\/11\/FAVICON.png","contentUrl":"https:\/\/4umadrid.com\/wp-content\/uploads\/2023\/11\/FAVICON.png","width":470,"height":437,"caption":"4U Madrid Walking Tour"},"image":{"@id":"https:\/\/4umadrid.com\/#\/schema\/logo\/image\/"},"sameAs":["https:\/\/www.facebook.com\/4umadrid","https:\/\/www.instagram.com\/4umadridfreetour\/"]},{"@type":"Person","@id":"https:\/\/4umadrid.com\/#\/schema\/person\/a33df1bfa39b5bf9d156c8d35e3bfd49","name":"Patricia Gonz\u00e1lez","image":{"@type":"ImageObject","inLanguage":"en-US","@id":"https:\/\/secure.gravatar.com\/avatar\/e57b160e418c6dd9707a139e8a5c91244f119f5645805dd2a9a35616710c3df3?s=96&d=mm&r=g","url":"https:\/\/secure.gravatar.com\/avatar\/e57b160e418c6dd9707a139e8a5c91244f119f5645805dd2a9a35616710c3df3?s=96&d=mm&r=g","contentUrl":"https:\/\/secure.gravatar.com\/avatar\/e57b160e418c6dd9707a139e8a5c91244f119f5645805dd2a9a35616710c3df3?s=96&d=mm&r=g","caption":"Patricia G\u00f3nzalez"},"sameAs":["https:\/\/4umadrid.com"],"url":"https:\/\/4umadrid.com\/en\/author\/admin\/"}]}},"_links":{"self":[{"href":"https:\/\/4umadrid.com\/en\/wp-json\/wp\/v2\/posts\/2817","targetHints":{"allow":["GET"]}}],"collection":[{"href":"https:\/\/4umadrid.com\/en\/wp-json\/wp\/v2\/posts"}],"about":[{"href":"https:\/\/4umadrid.com\/en\/wp-json\/wp\/v2\/types\/post"}],"author":[{"embeddable":true,"href":"https:\/\/4umadrid.com\/en\/wp-json\/wp\/v2\/users\/1"}],"replies":[{"embeddable":true,"href":"https:\/\/4umadrid.com\/en\/wp-json\/wp\/v2\/comments?post=2817"}],"version-history":[{"count":31,"href":"https:\/\/4umadrid.com\/en\/wp-json\/wp\/v2\/posts\/2817\/revisions"}],"predecessor-version":[{"id":5180,"href":"https:\/\/4umadrid.com\/en\/wp-json\/wp\/v2\/posts\/2817\/revisions\/5180"}],"wp:featuredmedia":[{"embeddable":true,"href":"https:\/\/4umadrid.com\/en\/wp-json\/wp\/v2\/media\/3361"}],"wp:attachment":[{"href":"https:\/\/4umadrid.com\/en\/wp-json\/wp\/v2\/media?parent=2817"}],"wp:term":[{"taxonomy":"category","embeddable":true,"href":"https:\/\/4umadrid.com\/en\/wp-json\/wp\/v2\/categories?post=2817"},{"taxonomy":"post_tag","embeddable":true,"href":"https:\/\/4umadrid.com\/en\/wp-json\/wp\/v2\/tags?post=2817"}],"curies":[{"name":"wp","href":"https:\/\/api.w.org\/{rel}","templated":true}]}}