{"id":1976,"date":"2024-05-13T17:44:15","date_gmt":"2024-05-13T17:44:15","guid":{"rendered":"https:\/\/4umadrid.com\/?p=1976"},"modified":"2026-08-29T19:46:12","modified_gmt":"2026-08-29T17:46:12","slug":"plaza-mayor-de-madrid","status":"publish","type":"post","link":"https:\/\/4umadrid.com\/en\/plaza-mayor-de-madrid\/","title":{"rendered":"Madrid&#039;s Plaza Mayor: history, curiosities and what to see"},"content":{"rendered":"<p class=\"wp-block-paragraph\">The <strong>Plaza Mayor of Madrid<\/strong> It has stood in the city center for four centuries and has changed its name seven times. Furthermore, its 12,000 square meters have hosted coronations, bullfights, autos-da-f\u00e9, markets, and concerts.<\/p>\n\n\n\n<p class=\"wp-block-paragraph\">In this article we tell you its history, its curiosities and everything practical you need to visit it: how to get there, what to see there and what is around it.<\/p>\n\n\n\n<h2 class=\"wp-block-heading\">Madrid&#039;s Plaza Mayor at a glance<\/h2>\n\n\n\n<ul class=\"wp-block-list\">\n<li><strong>Construction<\/strong>: designed by Juan de Herrera and completed by Juan G\u00f3mez de Mora in 1619.<\/li>\n\n<li><strong>Surface<\/strong>: about 12,000 square meters, with proportions based on the golden section.<\/li>\n\n<li><strong>Access<\/strong>: 10 entrance arches, including the famous Arco de Cuchilleros.<\/li>\n\n<li><strong>Location<\/strong>: about 600 steps from Puerta del Sol, next to Calle Mayor.<\/li>\n\n<li><strong>Metro<\/strong>: Sol (lines 1, 2 and 3), Opera (2 and 5) and Tirso de Molina (line 1).<\/li>\n\n<li><strong>Cost<\/strong>It is a public space with free access at any time.<\/li>\n<\/ul>\n\n\n\n<h2 class=\"wp-block-heading\">History of the Plaza Mayor in Madrid<\/h2>\n\n\n\n<p class=\"wp-block-paragraph\">Originally, the space was the Plaza del Arrabal, a market on the outskirts of the medieval town. When Philip II moved the court to Madrid in 1561, the city needed a venue befitting a capital city.<\/p>\n\n\n\n<p class=\"wp-block-paragraph\">Therefore, Philip III commissioned the project to Juan de Herrera, the architect of El Escorial, although it was Juan G\u00f3mez de Mora who completed it in 1619. However, since then the square has suffered three major fires, in 1631, 1670 and 1790. After the last one, Juan de Villanueva rebuilt it with the enclosed shape and arcades that we know today.<\/p>\n\n\n\n<h3 class=\"wp-block-heading\">A place with many names<\/h3>\n\n\n\n<p class=\"wp-block-paragraph\">The square has changed its name several times depending on the occasion: Plaza del Arrabal, Plaza de la Constituci\u00f3n, Plaza de la Rep\u00fablica, Plaza de la Rep\u00fablica Federal, Plaza de Calvo Sotelo, and Plaza Real. Finally, the name that best defines its origins and current eclecticism prevailed: Plaza Mayor of Madrid.<\/p>\n\n\n\n<h3 class=\"wp-block-heading\">Everything that has happened here<\/h3>\n\n\n\n<p class=\"wp-block-paragraph\">In fact, few places in Spain have hosted such diverse uses. Madrid&#039;s Plaza Mayor has been the setting for:<\/p>\n\n\n\n<ul class=\"wp-block-list\">\n<li><strong>Royal proclamations and coronations<\/strong>, with the nobility looking out from the balconies.<\/li>\n\n<li><strong>Autos-da-f\u00e9 of the Inquisition<\/strong>, the darkest page in its history.<\/li>\n\n<li><strong>Bullfights<\/strong>, until the activity was moved to specific squares.<\/li>\n\n<li><strong>Markets and fairs<\/strong>, its original function and the one it has never completely lost.<\/li>\n\n<li><strong>The Christmas market<\/strong>, which has been set up every December for more than a century.<\/li>\n\n<li><strong>San Isidro Festival<\/strong>, with chotis, carnations and chulapo suits.<\/li>\n<\/ul>\n\n\n\n<h2 class=\"wp-block-heading\">What to see in the Plaza Mayor<\/h2>\n\n\n\n<p class=\"wp-block-paragraph\">The <strong>Bakery House<\/strong> It overlooks the north side and today houses offices of <a href=\"https:\/\/www.madrid.es\/\" target=\"_blank\" rel=\"noopener\">Madrid City Council<\/a>. Its facade, covered in murals, is the most photographed in the square. The current frescoes, painted in 1992 by Carlos Franco, depict mythological figures linked to the city&#039;s history.<\/p>\n\n\n\n<p class=\"wp-block-paragraph\">In the center, moreover, stands the <strong>equestrian statue of Philip III<\/strong>, The work was started by Giambologna and finished by Pietro Tacca in 1616. However, it did not reach the square until 1848, after passing through the Casa de Campo.<\/p>\n\n\n\n<p class=\"wp-block-paragraph\">For his part, the <strong>Arch of Cutlers<\/strong>, The entrance, located in the southwest corner, is the most monumental. In fact, its steps overcome the slope of the terrain and lead directly to the area of historic taverns in the Cava de San Miguel.<\/p>\n\n\n\n<p class=\"wp-block-paragraph\">Also, under the arcades you will find traditional shops, philately and numismatics on Sunday mornings, and the terraces that occupy a good part of the center.<\/p>\n\n\n\n<h2 class=\"wp-block-heading\">What&#039;s around<\/h2>\n\n\n\n<p class=\"wp-block-paragraph\">Just under a minute away is the <a href=\"https:\/\/www.mercadodesanmiguel.es\/\" target=\"_blank\" rel=\"noopener\">San Miguel Market<\/a>, with food stalls in an elegant 1916 iron building. These are the other immediate points of interest:<\/p>\n\n\n\n<ul class=\"wp-block-list\">\n<li><strong>Main Street and Town Square<\/strong>, on the way to the Royal Palace.<\/li>\n\n<li><strong>Cava Baja and La Latina<\/strong>, the most traditional tavern area in the city.<\/li>\n\n<li><strong><a href=\"https:\/\/4umadrid.com\/en\/preciados-una-calle-muy-madrilena-y-comercial\/\">Puerta del Sol and Preciados Street<\/a><\/strong>, a five-minute walk away.<\/li>\n\n<li><strong><a href=\"https:\/\/4umadrid.com\/en\/que-ver-madrid-de-los-austrias-ruta-a-pie\/\">The Madrid of the Habsburgs<\/a><\/strong>, the walking route that links all these points.<\/li>\n<\/ul>\n\n\n\n<style>.hm-cta-btn .wp-block-button__link:hover,.hm-cta-btn .wp-block-button__link:focus{background-color:#ee37c9!important;color:#ffffff!important}<\/style>\n\n\n\n<div class=\"wp-block-buttons is-content-justification-center is-layout-flex wp-container-core-buttons-is-layout-cee9213f wp-block-buttons-is-layout-flex\" style=\"margin-top:3.5rem;margin-bottom:3.5rem\">\n<div class=\"wp-block-button hm-cta-btn\"><a class=\"wp-block-button__link has-text-color has-background wp-element-button\" href=\"https:\/\/4umadrid.com\/en\/tours-en-madrid\/\" style=\"border-radius:999px;color:#ffffff;background-color:#6f1996;padding-top:22px;padding-right:48px;padding-bottom:22px;padding-left:48px;font-size:1.2rem;font-style:normal;font-weight:700\">Book your guided tour of Madrid<\/a><\/div>\n<\/div>\n\n\n\n<h2 class=\"wp-block-heading\">Frequently asked questions about the Plaza Mayor in Madrid<\/h2>\n\n\n\n<h2 class=\"wp-block-heading\">The Plaza Mayor, according to those who walk through it every day<\/h2>\n\n\n\n<p class=\"wp-block-paragraph\">Every time I tour Habsburg Madrid and reach the point where the square comes into view, I stop to ask my travelers who knows it and who doesn&#039;t. This way, I ensure a memorable moment, observing the expressions of those who are visiting it for the first time.<\/p>\n\n\n\n<p class=\"wp-block-paragraph\">Then, once inside, I leave them to their own devices for a while. That place holds so much energy that it seems to whisper a personalized welcome to every passerby.<\/p>\n\n\n\n<p class=\"wp-block-paragraph\">If the Plaza Mayor came to life, it would be like Sybil, the character from that book about a woman with multiple personalities who transformed herself depending on the situation.<\/p>\n\n\n\n<p class=\"wp-block-paragraph\">She is an impeccable young lady with a perfect figure, whose exact proportions are a product of the golden ratio. But she is also a noblewoman who adorns herself to receive the nobility and witness the coronation of a king.<\/p>\n\n\n\n<p class=\"wp-block-paragraph\">She&#039;s the bohemian girl who lets herself be decorated with artificial turf and readily embraces conceptual art installations. And she&#039;s the woman who, with shame, endured the cries of the innocent and withstood the barbarities of the Inquisition.<\/p>\n\n\n\n<p class=\"wp-block-paragraph\">She&#039;s the boisterous teenager who smells of cold beer and constant celebration. She&#039;s the cheerful girl who chases after all sorts of characters to the sound of whistles. And she&#039;s also the traditional Madrid woman who adorns herself with carnations and dresses as a chulapa to dance a chotis in San Isidro.<\/p>\n\n\n\n<p class=\"wp-block-paragraph\">This &quot;woman&quot; with diverse identities has inhabited the city for 400 years and has a history long and fascinating enough to warrant a leisurely visit. Shall we introduce her to you?<\/p>\n\n\n\n<h3 class=\"wp-block-heading\">History and construction of the Plaza Mayor in Madrid<\/h3>\n\n\n\n<div class=\"schema-faq wp-block-yoast-faq-block\"><div class=\"schema-faq-section\" id=\"faq-question-26666\"><strong class=\"schema-faq-question\">When was the Plaza Mayor in Madrid built?<\/strong> <p class=\"schema-faq-answer\">Specifically, it was planned during the reign of Philip III, with initial designs by Juan de Herrera, and completed in 1619 under the direction of Juan G\u00f3mez de Mora. Its current appearance, however, comes from the reconstruction by Juan de Villanueva after the fire of 1790.<\/p><\/div><div class=\"schema-faq-section\" id=\"faq-question-26667\"><strong class=\"schema-faq-question\">What is the Bakery House?<\/strong> <p class=\"schema-faq-answer\">It is the building that dominates the north side of the square, so named because the price of bread was regulated there. Today it houses municipal offices and its facade is covered with murals painted in 1992.<\/p><\/div><div class=\"schema-faq-section\" id=\"faq-question-26668\"><strong class=\"schema-faq-question\">How big is the Plaza Mayor?<\/strong> <p class=\"schema-faq-answer\">In total, it covers approximately 12,000 square meters, with a rectangular floor plan of roughly 129 by 94 meters. Its proportions correspond to the golden ratio.<\/p><\/div><\/div>\n\n\n\n<h3 class=\"wp-block-heading\">Visit the square today<\/h3>\n\n\n\n<div class=\"schema-faq wp-block-yoast-faq-block\"><div class=\"schema-faq-section\" id=\"faq-question-26666\"><strong class=\"schema-faq-question\">How do you get to the Plaza Mayor in Madrid?<\/strong> <p class=\"schema-faq-answer\">The nearest metro stations are Sol (lines 1, 2 and 3), \u00d3pera (2 and 5) and Tirso de Molina (line 1). From Puerta del Sol, it&#039;s about a five-minute walk along Calle Mayor.<\/p><\/div><div class=\"schema-faq-section\" id=\"faq-question-26667\"><strong class=\"schema-faq-question\">How many entrances does the square have?<\/strong> <p class=\"schema-faq-answer\">Ten entrances in total. Among them, the most well known is the Arco de Cuchilleros, in the southwest corner, which descends by steps to the Cava de San Miguel.<\/p><\/div><div class=\"schema-faq-section\" id=\"faq-question-26668\"><strong class=\"schema-faq-question\">When does the Christmas market open?<\/strong> <p class=\"schema-faq-answer\">It is usually set up from the end of November until December 31st. It is a tradition with more than a century of history and one of the busiest times of the year.<\/p><\/div><\/div>\n\n\n\n<aside class=\"hm-cta-art\"><p class=\"hm-cta-art-tit\">What if we walk it together?<\/p><p class=\"hm-cta-art-txt\">We depart daily from Puerta del Sol to explore Habsburg Madrid. There&#039;s no booking fee, and you decide what you&#039;d like to contribute at the end.<\/p><a class=\"hm-cta-art-btn\" href=\"https:\/\/4umadrid.com\/en\/madrid-free-tour-historia-y-curiosidades\/\">View the route<\/a><\/aside>","protected":false},"excerpt":{"rendered":"<p>Madrid&#039;s Plaza Mayor in depth: four centuries of history, seven names, three fires, what to see there and how to get there.<\/p>","protected":false},"author":1,"featured_media":2050,"comment_status":"closed","ping_status":"closed","sticky":false,"template":"","format":"standard","meta":{"_yoast_wpseo_opengraph-title":"","_yoast_wpseo_opengraph-description":"","footnotes":""},"categories":[24],"tags":[30],"class_list":["post-1976","post","type-post","status-publish","format-standard","has-post-thumbnail","hentry","category-articulos","tag-articulo"],"yoast_head":"<!-- This site is optimized with the Yoast SEO plugin v28.3 - https:\/\/yoast.com\/product\/yoast-seo-wordpress\/ -->\n<title>Plaza Mayor de Madrid: historia, curiosidades y qu\u00e9 ver<\/title>\n<meta name=\"description\" content=\"La Plaza Mayor de Madrid: cuatro siglos de historia, siete nombres, tres incendios, qu\u00e9 ver en ella y c\u00f3mo llegar desde el centro.\" \/>\n<meta name=\"robots\" content=\"index, follow, max-snippet:-1, max-image-preview:large, max-video-preview:-1\" \/>\n<link rel=\"canonical\" href=\"https:\/\/4umadrid.com\/en\/plaza-mayor-de-madrid\/\" \/>\n<meta property=\"og:locale\" content=\"en_US\" \/>\n<meta property=\"og:type\" content=\"article\" \/>\n<meta property=\"og:title\" content=\"Plaza Mayor de Madrid: historia, curiosidades y qu\u00e9 ver\" \/>\n<meta property=\"og:description\" content=\"La Plaza Mayor de Madrid: cuatro siglos de historia, siete nombres, tres incendios, qu\u00e9 ver en ella y c\u00f3mo llegar desde el centro.\" \/>\n<meta property=\"og:url\" content=\"https:\/\/4umadrid.com\/en\/plaza-mayor-de-madrid\/\" \/>\n<meta property=\"og:site_name\" content=\"4U Madrid Walking Tour\" \/>\n<meta property=\"article:publisher\" content=\"https:\/\/www.facebook.com\/4umadrid\" \/>\n<meta property=\"article:published_time\" content=\"2024-05-13T17:44:15+00:00\" \/>\n<meta property=\"article:modified_time\" content=\"2026-08-29T17:46:12+00:00\" \/>\n<meta property=\"og:image\" content=\"https:\/\/4umadrid.com\/wp-content\/uploads\/2024\/05\/Pmayor.png\" \/>\n\t<meta property=\"og:image:width\" content=\"1200\" \/>\n\t<meta property=\"og:image:height\" content=\"500\" \/>\n\t<meta property=\"og:image:type\" content=\"image\/png\" \/>\n<meta name=\"author\" content=\"Patricia G\u00f3nzalez\" \/>\n<meta name=\"twitter:card\" content=\"summary_large_image\" \/>\n<meta name=\"twitter:label1\" content=\"Written by\" \/>\n\t<meta name=\"twitter:data1\" content=\"Patricia G\u00f3nzalez\" \/>\n<script type=\"application\/ld+json\" class=\"yoast-schema-graph\">{\"@context\":\"https:\\\/\\\/schema.org\",\"@graph\":[{\"@type\":\"Article\",\"@id\":\"https:\\\/\\\/4umadrid.com\\\/plaza-mayor-de-madrid\\\/#article\",\"isPartOf\":{\"@id\":\"https:\\\/\\\/4umadrid.com\\\/plaza-mayor-de-madrid\\\/\"},\"author\":{\"name\":\"Patricia G\u00f3nzalez\",\"@id\":\"https:\\\/\\\/4umadrid.com\\\/#\\\/schema\\\/person\\\/a33df1bfa39b5bf9d156c8d35e3bfd49\"},\"headline\":\"Plaza Mayor de Madrid: historia, curiosidades y qu\u00e9 ver\",\"datePublished\":\"2024-05-13T17:44:15+00:00\",\"dateModified\":\"2026-08-29T17:46:12+00:00\",\"mainEntityOfPage\":{\"@id\":\"https:\\\/\\\/4umadrid.com\\\/plaza-mayor-de-madrid\\\/\"},\"wordCount\":1309,\"publisher\":{\"@id\":\"https:\\\/\\\/4umadrid.com\\\/#organization\"},\"image\":{\"@id\":\"https:\\\/\\\/4umadrid.com\\\/plaza-mayor-de-madrid\\\/#primaryimage\"},\"thumbnailUrl\":\"https:\\\/\\\/4umadrid.com\\\/wp-content\\\/uploads\\\/2024\\\/05\\\/Pmayor.png\",\"keywords\":[\"art\u00edculo\"],\"articleSection\":[\"Art\u00edculos\"],\"inLanguage\":\"en-US\"},{\"@type\":[\"WebPage\",\"FAQPage\"],\"@id\":\"https:\\\/\\\/4umadrid.com\\\/plaza-mayor-de-madrid\\\/\",\"url\":\"https:\\\/\\\/4umadrid.com\\\/plaza-mayor-de-madrid\\\/\",\"name\":\"Plaza Mayor de Madrid: historia, curiosidades y qu\u00e9 ver\",\"isPartOf\":{\"@id\":\"https:\\\/\\\/4umadrid.com\\\/#website\"},\"primaryImageOfPage\":{\"@id\":\"https:\\\/\\\/4umadrid.com\\\/plaza-mayor-de-madrid\\\/#primaryimage\"},\"image\":{\"@id\":\"https:\\\/\\\/4umadrid.com\\\/plaza-mayor-de-madrid\\\/#primaryimage\"},\"thumbnailUrl\":\"https:\\\/\\\/4umadrid.com\\\/wp-content\\\/uploads\\\/2024\\\/05\\\/Pmayor.png\",\"datePublished\":\"2024-05-13T17:44:15+00:00\",\"dateModified\":\"2026-08-29T17:46:12+00:00\",\"description\":\"La Plaza Mayor de Madrid: cuatro siglos de historia, siete nombres, tres incendios, qu\u00e9 ver en ella y c\u00f3mo llegar desde el centro.\",\"breadcrumb\":{\"@id\":\"https:\\\/\\\/4umadrid.com\\\/plaza-mayor-de-madrid\\\/#breadcrumb\"},\"inLanguage\":\"en-US\",\"potentialAction\":[{\"@type\":\"ReadAction\",\"target\":[\"https:\\\/\\\/4umadrid.com\\\/plaza-mayor-de-madrid\\\/\"]}]},{\"@type\":\"ImageObject\",\"inLanguage\":\"en-US\",\"@id\":\"https:\\\/\\\/4umadrid.com\\\/plaza-mayor-de-madrid\\\/#primaryimage\",\"url\":\"https:\\\/\\\/4umadrid.com\\\/wp-content\\\/uploads\\\/2024\\\/05\\\/Pmayor.png\",\"contentUrl\":\"https:\\\/\\\/4umadrid.com\\\/wp-content\\\/uploads\\\/2024\\\/05\\\/Pmayor.png\",\"width\":1200,\"height\":500,\"caption\":\"Plaza Mayor de Madrid con la Casa de la Panader\u00eda al fondo\"},{\"@type\":\"BreadcrumbList\",\"@id\":\"https:\\\/\\\/4umadrid.com\\\/plaza-mayor-de-madrid\\\/#breadcrumb\",\"itemListElement\":[{\"@type\":\"ListItem\",\"position\":1,\"name\":\"Portada\",\"item\":\"https:\\\/\\\/4umadrid.com\\\/\"},{\"@type\":\"ListItem\",\"position\":2,\"name\":\"Plaza Mayor de Madrid: historia, curiosidades y qu\u00e9 ver\"}]},{\"@type\":\"WebSite\",\"@id\":\"https:\\\/\\\/4umadrid.com\\\/#website\",\"url\":\"https:\\\/\\\/4umadrid.com\\\/\",\"name\":\"4U Madrid Walking Tour\",\"description\":\"Tours a pie por Madrid con gu\u00edas locales y grupos reducidos. En espa\u00f1ol e ingl\u00e9s.\",\"publisher\":{\"@id\":\"https:\\\/\\\/4umadrid.com\\\/#organization\"},\"alternateName\":\"4U Madrid\",\"potentialAction\":[{\"@type\":\"SearchAction\",\"target\":{\"@type\":\"EntryPoint\",\"urlTemplate\":\"https:\\\/\\\/4umadrid.com\\\/?s={search_term_string}\"},\"query-input\":{\"@type\":\"PropertyValueSpecification\",\"valueRequired\":true,\"valueName\":\"search_term_string\"}}],\"inLanguage\":\"en-US\"},{\"@type\":\"Organization\",\"@id\":\"https:\\\/\\\/4umadrid.com\\\/#organization\",\"name\":\"4U Madrid Walking Tour\",\"alternateName\":\"4U Madrid\",\"url\":\"https:\\\/\\\/4umadrid.com\\\/\",\"logo\":{\"@type\":\"ImageObject\",\"inLanguage\":\"en-US\",\"@id\":\"https:\\\/\\\/4umadrid.com\\\/#\\\/schema\\\/logo\\\/image\\\/\",\"url\":\"https:\\\/\\\/4umadrid.com\\\/wp-content\\\/uploads\\\/2023\\\/11\\\/FAVICON.png\",\"contentUrl\":\"https:\\\/\\\/4umadrid.com\\\/wp-content\\\/uploads\\\/2023\\\/11\\\/FAVICON.png\",\"width\":470,\"height\":437,\"caption\":\"4U Madrid Walking Tour\"},\"image\":{\"@id\":\"https:\\\/\\\/4umadrid.com\\\/#\\\/schema\\\/logo\\\/image\\\/\"},\"sameAs\":[\"https:\\\/\\\/www.facebook.com\\\/4umadrid\",\"https:\\\/\\\/www.instagram.com\\\/4umadridfreetour\\\/\"]},{\"@type\":\"Person\",\"@id\":\"https:\\\/\\\/4umadrid.com\\\/#\\\/schema\\\/person\\\/a33df1bfa39b5bf9d156c8d35e3bfd49\",\"name\":\"Patricia G\u00f3nzalez\",\"image\":{\"@type\":\"ImageObject\",\"inLanguage\":\"en-US\",\"@id\":\"https:\\\/\\\/secure.gravatar.com\\\/avatar\\\/e57b160e418c6dd9707a139e8a5c91244f119f5645805dd2a9a35616710c3df3?s=96&d=mm&r=g\",\"url\":\"https:\\\/\\\/secure.gravatar.com\\\/avatar\\\/e57b160e418c6dd9707a139e8a5c91244f119f5645805dd2a9a35616710c3df3?s=96&d=mm&r=g\",\"contentUrl\":\"https:\\\/\\\/secure.gravatar.com\\\/avatar\\\/e57b160e418c6dd9707a139e8a5c91244f119f5645805dd2a9a35616710c3df3?s=96&d=mm&r=g\",\"caption\":\"Patricia G\u00f3nzalez\"},\"sameAs\":[\"https:\\\/\\\/4umadrid.com\"],\"url\":\"https:\\\/\\\/4umadrid.com\\\/en\\\/author\\\/admin\\\/\"}]}<\/script>\n<!-- \/ Yoast SEO plugin. -->","yoast_head_json":{"title":"Madrid&#039;s Plaza Mayor: history, curiosities and what to see","description":"La Plaza Mayor de Madrid: cuatro siglos de historia, siete nombres, tres incendios, qu\u00e9 ver en ella y c\u00f3mo llegar desde el centro.","robots":{"index":"index","follow":"follow","max-snippet":"max-snippet:-1","max-image-preview":"max-image-preview:large","max-video-preview":"max-video-preview:-1"},"canonical":"https:\/\/4umadrid.com\/en\/plaza-mayor-de-madrid\/","og_locale":"en_US","og_type":"article","og_title":"Plaza Mayor de Madrid: historia, curiosidades y qu\u00e9 ver","og_description":"La Plaza Mayor de Madrid: cuatro siglos de historia, siete nombres, tres incendios, qu\u00e9 ver en ella y c\u00f3mo llegar desde el centro.","og_url":"https:\/\/4umadrid.com\/en\/plaza-mayor-de-madrid\/","og_site_name":"4U Madrid Walking Tour","article_publisher":"https:\/\/www.facebook.com\/4umadrid","article_published_time":"2024-05-13T17:44:15+00:00","article_modified_time":"2026-08-29T17:46:12+00:00","og_image":[{"width":1200,"height":500,"url":"https:\/\/4umadrid.com\/wp-content\/uploads\/2024\/05\/Pmayor.png","type":"image\/png"}],"author":"Patricia G\u00f3nzalez","twitter_card":"summary_large_image","twitter_misc":{"Written by":"Patricia G\u00f3nzalez"},"schema":{"@context":"https:\/\/schema.org","@graph":[{"@type":"Article","@id":"https:\/\/4umadrid.com\/plaza-mayor-de-madrid\/#article","isPartOf":{"@id":"https:\/\/4umadrid.com\/plaza-mayor-de-madrid\/"},"author":{"name":"Patricia G\u00f3nzalez","@id":"https:\/\/4umadrid.com\/#\/schema\/person\/a33df1bfa39b5bf9d156c8d35e3bfd49"},"headline":"Plaza Mayor de Madrid: historia, curiosidades y qu\u00e9 ver","datePublished":"2024-05-13T17:44:15+00:00","dateModified":"2026-08-29T17:46:12+00:00","mainEntityOfPage":{"@id":"https:\/\/4umadrid.com\/plaza-mayor-de-madrid\/"},"wordCount":1309,"publisher":{"@id":"https:\/\/4umadrid.com\/#organization"},"image":{"@id":"https:\/\/4umadrid.com\/plaza-mayor-de-madrid\/#primaryimage"},"thumbnailUrl":"https:\/\/4umadrid.com\/wp-content\/uploads\/2024\/05\/Pmayor.png","keywords":["art\u00edculo"],"articleSection":["Art\u00edculos"],"inLanguage":"en-US"},{"@type":["WebPage","FAQPage"],"@id":"https:\/\/4umadrid.com\/plaza-mayor-de-madrid\/","url":"https:\/\/4umadrid.com\/plaza-mayor-de-madrid\/","name":"Madrid&#039;s Plaza Mayor: history, curiosities and what to see","isPartOf":{"@id":"https:\/\/4umadrid.com\/#website"},"primaryImageOfPage":{"@id":"https:\/\/4umadrid.com\/plaza-mayor-de-madrid\/#primaryimage"},"image":{"@id":"https:\/\/4umadrid.com\/plaza-mayor-de-madrid\/#primaryimage"},"thumbnailUrl":"https:\/\/4umadrid.com\/wp-content\/uploads\/2024\/05\/Pmayor.png","datePublished":"2024-05-13T17:44:15+00:00","dateModified":"2026-08-29T17:46:12+00:00","description":"La Plaza Mayor de Madrid: cuatro siglos de historia, siete nombres, tres incendios, qu\u00e9 ver en ella y c\u00f3mo llegar desde el centro.","breadcrumb":{"@id":"https:\/\/4umadrid.com\/plaza-mayor-de-madrid\/#breadcrumb"},"inLanguage":"en-US","potentialAction":[{"@type":"ReadAction","target":["https:\/\/4umadrid.com\/plaza-mayor-de-madrid\/"]}]},{"@type":"ImageObject","inLanguage":"en-US","@id":"https:\/\/4umadrid.com\/plaza-mayor-de-madrid\/#primaryimage","url":"https:\/\/4umadrid.com\/wp-content\/uploads\/2024\/05\/Pmayor.png","contentUrl":"https:\/\/4umadrid.com\/wp-content\/uploads\/2024\/05\/Pmayor.png","width":1200,"height":500,"caption":"Plaza Mayor de Madrid con la Casa de la Panader\u00eda al fondo"},{"@type":"BreadcrumbList","@id":"https:\/\/4umadrid.com\/plaza-mayor-de-madrid\/#breadcrumb","itemListElement":[{"@type":"ListItem","position":1,"name":"Portada","item":"https:\/\/4umadrid.com\/"},{"@type":"ListItem","position":2,"name":"Plaza Mayor de Madrid: historia, curiosidades y qu\u00e9 ver"}]},{"@type":"WebSite","@id":"https:\/\/4umadrid.com\/#website","url":"https:\/\/4umadrid.com\/","name":"4U Madrid Walking Tour","description":"Tours a pie por Madrid con gu\u00edas locales y grupos reducidos. En espa\u00f1ol e ingl\u00e9s.","publisher":{"@id":"https:\/\/4umadrid.com\/#organization"},"alternateName":"4U Madrid","potentialAction":[{"@type":"SearchAction","target":{"@type":"EntryPoint","urlTemplate":"https:\/\/4umadrid.com\/?s={search_term_string}"},"query-input":{"@type":"PropertyValueSpecification","valueRequired":true,"valueName":"search_term_string"}}],"inLanguage":"en-US"},{"@type":"Organization","@id":"https:\/\/4umadrid.com\/#organization","name":"4U Madrid Walking Tour","alternateName":"4U Madrid","url":"https:\/\/4umadrid.com\/","logo":{"@type":"ImageObject","inLanguage":"en-US","@id":"https:\/\/4umadrid.com\/#\/schema\/logo\/image\/","url":"https:\/\/4umadrid.com\/wp-content\/uploads\/2023\/11\/FAVICON.png","contentUrl":"https:\/\/4umadrid.com\/wp-content\/uploads\/2023\/11\/FAVICON.png","width":470,"height":437,"caption":"4U Madrid Walking Tour"},"image":{"@id":"https:\/\/4umadrid.com\/#\/schema\/logo\/image\/"},"sameAs":["https:\/\/www.facebook.com\/4umadrid","https:\/\/www.instagram.com\/4umadridfreetour\/"]},{"@type":"Person","@id":"https:\/\/4umadrid.com\/#\/schema\/person\/a33df1bfa39b5bf9d156c8d35e3bfd49","name":"Patricia Gonz\u00e1lez","image":{"@type":"ImageObject","inLanguage":"en-US","@id":"https:\/\/secure.gravatar.com\/avatar\/e57b160e418c6dd9707a139e8a5c91244f119f5645805dd2a9a35616710c3df3?s=96&d=mm&r=g","url":"https:\/\/secure.gravatar.com\/avatar\/e57b160e418c6dd9707a139e8a5c91244f119f5645805dd2a9a35616710c3df3?s=96&d=mm&r=g","contentUrl":"https:\/\/secure.gravatar.com\/avatar\/e57b160e418c6dd9707a139e8a5c91244f119f5645805dd2a9a35616710c3df3?s=96&d=mm&r=g","caption":"Patricia G\u00f3nzalez"},"sameAs":["https:\/\/4umadrid.com"],"url":"https:\/\/4umadrid.com\/en\/author\/admin\/"}]}},"_links":{"self":[{"href":"https:\/\/4umadrid.com\/en\/wp-json\/wp\/v2\/posts\/1976","targetHints":{"allow":["GET"]}}],"collection":[{"href":"https:\/\/4umadrid.com\/en\/wp-json\/wp\/v2\/posts"}],"about":[{"href":"https:\/\/4umadrid.com\/en\/wp-json\/wp\/v2\/types\/post"}],"author":[{"embeddable":true,"href":"https:\/\/4umadrid.com\/en\/wp-json\/wp\/v2\/users\/1"}],"replies":[{"embeddable":true,"href":"https:\/\/4umadrid.com\/en\/wp-json\/wp\/v2\/comments?post=1976"}],"version-history":[{"count":10,"href":"https:\/\/4umadrid.com\/en\/wp-json\/wp\/v2\/posts\/1976\/revisions"}],"predecessor-version":[{"id":5190,"href":"https:\/\/4umadrid.com\/en\/wp-json\/wp\/v2\/posts\/1976\/revisions\/5190"}],"wp:featuredmedia":[{"embeddable":true,"href":"https:\/\/4umadrid.com\/en\/wp-json\/wp\/v2\/media\/2050"}],"wp:attachment":[{"href":"https:\/\/4umadrid.com\/en\/wp-json\/wp\/v2\/media?parent=1976"}],"wp:term":[{"taxonomy":"category","embeddable":true,"href":"https:\/\/4umadrid.com\/en\/wp-json\/wp\/v2\/categories?post=1976"},{"taxonomy":"post_tag","embeddable":true,"href":"https:\/\/4umadrid.com\/en\/wp-json\/wp\/v2\/tags?post=1976"}],"curies":[{"name":"wp","href":"https:\/\/api.w.org\/{rel}","templated":true}]}}